{"id":3124,"date":"2026-09-01T10:55:30","date_gmt":"2026-09-01T10:55:30","guid":{"rendered":"https:\/\/becid.eu\/uncategorized-lv\/latvian-language-lessons-a-performance-about-an-exam-belonging-and-ones-place-in-society\/"},"modified":"2026-09-01T11:04:29","modified_gmt":"2026-09-01T11:04:29","slug":"latvian-language-lessons-a-performance-about-an-exam-belonging-and-ones-place-in-society","status":"publish","type":"post","link":"https:\/\/becid.eu\/lv\/uncategorized-lv\/latvian-language-lessons-a-performance-about-an-exam-belonging-and-ones-place-in-society\/","title":{"rendered":"\u201cLatvie\u0161u\u00a0valodas\u00a0stundas\u201d \u2014\u00a0izr\u0101de\u00a0par\u00a0eks\u0101menu,\u00a0pieder\u012bbu\u00a0un\u00a0cilv\u0113ka\u00a0vietu\u00a0sabiedr\u012bb\u0101\u00a0"},"content":{"rendered":"\n<p class=\"wp-el wp-block-paragraph\">2026.gada&nbsp;vasar\u0101&nbsp;pie&nbsp;skat\u012bt\u0101jiem&nbsp;Latvij\u0101&nbsp;un&nbsp;Lietuv\u0101&nbsp;non\u0101ca&nbsp;izr\u0101de&nbsp;<strong>\u201cLatvie\u0161u&nbsp;valodas&nbsp;stundas\u201d<\/strong>&nbsp;&#8211;&nbsp;asu,&nbsp;ironisku&nbsp;un&nbsp;vienlaikus&nbsp;cilv\u0113c\u012bgu&nbsp;st\u0101stu&nbsp;par&nbsp;valodu,&nbsp;pieder\u012bbu&nbsp;un&nbsp;saj\u016btu, ka&nbsp;ties\u012bbas&nbsp;b\u016bt&nbsp;da\u013cai&nbsp;no&nbsp;sabiedr\u012bbas&nbsp;atkal&nbsp;un&nbsp;atkal&nbsp;ir&nbsp;j\u0101pier\u0101da.&nbsp;<\/p>\n\n\n\n<p class=\"wp-el wp-block-paragraph\">Izr\u0101des&nbsp;centr\u0101&nbsp;ir&nbsp;Ko\u013ca&nbsp;&#8211;&nbsp;Latvij\u0101&nbsp;dzimis&nbsp;un&nbsp;dz\u012bvojo\u0161s&nbsp;cilv\u0113ks,&nbsp;kur\u0161&nbsp;gatavojas&nbsp;valsts&nbsp;valodas&nbsp;eks\u0101menam.&nbsp;Ta\u010du&nbsp;form\u0101lais&nbsp;p\u0101rbaud\u012bjums&nbsp;dr\u012bz&nbsp;p\u0101rv\u0113r\u0161as&nbsp;daudz&nbsp;sare\u017e\u0123\u012bt\u0101k\u0101&nbsp;iek\u0161\u0113j\u0101&nbsp;eks\u0101men\u0101. Ko\u013cam&nbsp;n\u0101kas&nbsp;sastapties&nbsp;ar&nbsp;v\u0113lmi&nbsp;pieder\u0113t,&nbsp;bail\u0113m&nbsp;neatbilst&nbsp;pras\u012bb\u0101m&nbsp;un&nbsp;jaut\u0101jumu&nbsp;par&nbsp;savu&nbsp;vietu&nbsp;valst\u012b, kuru&nbsp;vi\u0146\u0161&nbsp;sauc&nbsp;par&nbsp;m\u0101j\u0101m.&nbsp;<\/p>\n\n\n\n<p class=\"wp-el wp-block-paragraph\">\u201cLatvie\u0161u&nbsp;valodas&nbsp;stundas\u201d nav&nbsp;izr\u0101de&nbsp;par&nbsp;valodu&nbsp;vien. Tas&nbsp;ir&nbsp;st\u0101sts&nbsp;par&nbsp;eks\u0101menu&nbsp;un&nbsp;pieder\u012bbu.&nbsp;<\/p>\n\n\n\n<p class=\"wp-el wp-block-paragraph\"><strong>No Daugavpils\u00a0l\u012bdz\u00a0Visaginai<\/strong>\u00a0<\/p>\n\n\n\n<p class=\"wp-el wp-block-paragraph\">Izr\u0101des&nbsp;ce\u013c\u0161&nbsp;s\u0101k\u0101s&nbsp;Daugavpil\u012b,&nbsp;kult\u016bras&nbsp;instit\u016bta&nbsp;New East&nbsp;telp\u0101s,&nbsp;kur&nbsp;8.&nbsp;j\u016blij\u0101&nbsp;notika&nbsp;\u0123ener\u0101lm\u0113\u0123in\u0101jums&nbsp;ar&nbsp;skat\u012bt\u0101jiem, bet 9.&nbsp;j\u016blij\u0101&nbsp;pirmizr\u0101de. Jau&nbsp;n\u0101kamaj\u0101&nbsp;dien\u0101, 10.&nbsp;j\u016blij\u0101, \u201cLatvie\u0161u&nbsp;valodas&nbsp;stundas\u201d tika&nbsp;izr\u0101d\u012btas&nbsp;C\u0113s\u012bs&nbsp;sarunu&nbsp;festiv\u0101l\u0101&nbsp;LAMPA.&nbsp;Savuk\u0101rt&nbsp;13.&nbsp;august\u0101&nbsp;iestud\u0113jums&nbsp;\u0161\u0137\u0113rsoja&nbsp;Latvijas&nbsp;robe\u017eu&nbsp;un&nbsp;viesoj\u0101s&nbsp;Visaginas&nbsp;kult\u016bras&nbsp;centr\u0101&nbsp;\u201cDraugyst\u0117\u201d&nbsp;Lietuv\u0101.&nbsp;<\/p>\n\n\n\n<p class=\"wp-el wp-block-paragraph\">Kopum\u0101&nbsp;izr\u0101di&nbsp;kl\u0101tien\u0113&nbsp;noskat\u012bj\u0101s&nbsp;aptuveni&nbsp;325&nbsp;skat\u012bt\u0101ji: 80&nbsp;Daugavpil\u012b, 200&nbsp;C\u0113s\u012bs&nbsp;un 45&nbsp;Visagin\u0101.&nbsp;<\/p>\n\n\n\n<p class=\"wp-el wp-block-paragraph\">\u012apa\u0161i&nbsp;noz\u012bm\u012bga&nbsp;bija&nbsp;dal\u012bba&nbsp;festiv\u0101l\u0101&nbsp;LAMPA. Izr\u0101des&nbsp;t\u0113mas&nbsp;organiski&nbsp;iek\u013c\u0101v\u0101s&nbsp;festiv\u0101la&nbsp;diskusiju&nbsp;telp\u0101,&nbsp;aktualiz\u0113jot&nbsp;jaut\u0101jumus, kas&nbsp;Latvijas&nbsp;sabiedr\u012bb\u0101&nbsp;nereti&nbsp;past\u0101v&nbsp;l\u012bdz\u0101s,&nbsp;ta\u010du&nbsp;ne&nbsp;vienm\u0113r&nbsp;sastopas&nbsp;atkl\u0101t\u0101&nbsp;sarun\u0101:&nbsp;identit\u0101ti&nbsp;un&nbsp;valodu,&nbsp;integr\u0101ciju&nbsp;un&nbsp;vientul\u012bbu,&nbsp;maz\u0101kumtaut\u012bbu&nbsp;pieredzi,&nbsp;demokr\u0101tijas&nbsp;notur\u012bbu, propagandas&nbsp;ietekmi&nbsp;un&nbsp;cilv\u0113ka&nbsp;sp\u0113ju&nbsp;main\u012bties.&nbsp;<\/p>\n\n\n\n<figure class=\"wp-block-image size-large wp-el\"><img loading=\"lazy\" decoding=\"async\" width=\"1170\" height=\"780\" src=\"https:\/\/becid.eu\/wp-content\/uploads\/2026\/09\/DSCF0120-1170x780.jpg\" alt=\"\" class=\"wp-image-3111\" srcset=\"https:\/\/becid.eu\/wp-content\/uploads\/2026\/09\/DSCF0120-1170x780.jpg 1170w, https:\/\/becid.eu\/wp-content\/uploads\/2026\/09\/DSCF0120-570x380.jpg 570w, https:\/\/becid.eu\/wp-content\/uploads\/2026\/09\/DSCF0120-768x512.jpg 768w, https:\/\/becid.eu\/wp-content\/uploads\/2026\/09\/DSCF0120-1536x1024.jpg 1536w, https:\/\/becid.eu\/wp-content\/uploads\/2026\/09\/DSCF0120-2048x1365.jpg 2048w\" sizes=\"auto, (max-width: 1170px) 100vw, 1170px\" \/><\/figure>\n\n\n\n<p class=\"wp-el wp-block-paragraph\"><strong>Kad\u00a0valoda\u00a0k\u013c\u016bst\u00a0par\u00a0robe\u017eu<\/strong>\u00a0<\/p>\n\n\n\n<p class=\"wp-el wp-block-paragraph\">Iestud\u0113jums&nbsp;apzin\u0101ti&nbsp;izvair\u0101s&nbsp;no&nbsp;vienk\u0101r\u0161ota&nbsp;st\u0101sta&nbsp;par&nbsp;etnisku&nbsp;konfliktu&nbsp;vai&nbsp;sabiedr\u012bbas&nbsp;sa\u0161\u0137elt\u012bbu.&nbsp;T\u0101&nbsp;viet\u0101&nbsp;uzman\u012bbas&nbsp;centr\u0101&nbsp;non\u0101k&nbsp;cilv\u0113ka&nbsp;psiholo\u0123isk\u0101&nbsp;pieredze&nbsp;un&nbsp;dekoloniz\u0101cijas&nbsp;rad\u012btie&nbsp;jaut\u0101jumi&nbsp;&#8211;&nbsp;pa\u0161cie\u0146a,&nbsp;pieder\u012bba&nbsp;un&nbsp;dz\u012bve&nbsp;situ\u0101cij\u0101,&nbsp;kur\u0101&nbsp;cilv\u0113ks&nbsp;j\u016btas&nbsp;pak\u013cauts&nbsp;nep\u0101rtrauktam&nbsp;v\u0113rt\u0113jumam.&nbsp;<\/p>\n\n\n\n<p class=\"wp-el wp-block-paragraph\">Valoda&nbsp;izr\u0101d\u0113&nbsp;nav&nbsp;tikai&nbsp;kult\u016bras&nbsp;simbols&nbsp;vai&nbsp;identit\u0101tes&nbsp;lepnuma&nbsp;avots.&nbsp;T\u0101&nbsp;k\u013c\u016bst&nbsp;ar\u012b&nbsp;par&nbsp;institucion\u0101lu&nbsp;filtru&nbsp;&#8211;&nbsp;robe\u017eu&nbsp;starp&nbsp;\u201cdr\u012bkst\u201d un \u201cnedr\u012bkst\u201d,&nbsp;starp&nbsp;pieder\u012bbas&nbsp;saj\u016btu&nbsp;un&nbsp;nepiecie\u0161am\u012bbu&nbsp;to&nbsp;form\u0101li&nbsp;apliecin\u0101t.&nbsp;<\/p>\n\n\n\n<p class=\"wp-el wp-block-paragraph\">B\u016btiska&nbsp;loma&nbsp;izr\u0101d\u0113&nbsp;ir&nbsp;Ko\u013cas&nbsp;iek\u0161\u0113jai&nbsp;balsij&nbsp;&#8211;&nbsp;ironiskai,&nbsp;agres\u012bvai,&nbsp;smiekl\u012bgai&nbsp;un&nbsp;br\u012b\u017eiem&nbsp;bied\u0113jo\u0161ai.&nbsp;T\u0101&nbsp;provoc\u0113&nbsp;un&nbsp;pal\u012bdz,&nbsp;pazemo&nbsp;un&nbsp;atg\u0101dina&nbsp;par&nbsp;seniem&nbsp;aizvainojumiem.&nbsp;\u0160\u012b&nbsp;balss&nbsp;k\u013c\u016bst&nbsp;par&nbsp;metaforu&nbsp;tam,&nbsp;k\u0101&nbsp;vien\u0101&nbsp;cilv\u0113k\u0101&nbsp;sadz\u012bvo&nbsp;personisk\u0101&nbsp;pieredze,&nbsp;apk\u0101rt\u0113j\u0101s&nbsp;vides&nbsp;ietekme, propaganda,&nbsp;stereotipi&nbsp;un&nbsp;sabiedr\u012bb\u0101&nbsp;l\u012bdz&nbsp;galam&nbsp;neizrun\u0101ti&nbsp;konflikti.&nbsp;<\/p>\n\n\n\n<p class=\"wp-el wp-block-paragraph\">Tie\u0161i&nbsp;\u0161\u012b&nbsp;pretruna&nbsp;\u013cauj&nbsp;izr\u0101dei&nbsp;run\u0101t&nbsp;par&nbsp;sare\u017e\u0123\u012btiem&nbsp;jaut\u0101jumiem&nbsp;nevis&nbsp;abstraktu&nbsp;politisku&nbsp;kategoriju, bet&nbsp;konkr\u0113ta&nbsp;cilv\u0113ka&nbsp;pieredzes&nbsp;valod\u0101.&nbsp;<\/p>\n\n\n\n<p class=\"wp-el wp-block-paragraph\"><strong>Saruna\u00a0turpin\u0101s\u00a0ar\u012b\u00a0p\u0113c\u00a0izr\u0101des<\/strong>\u00a0<\/p>\n\n\n\n<p class=\"wp-el wp-block-paragraph\">\u201cLatvie\u0161u&nbsp;valodas&nbsp;stundas\u201d&nbsp;veidot\u0101jiem&nbsp;bija&nbsp;svar\u012bgi, lai&nbsp;izr\u0101de&nbsp;nek\u013c\u016btu&nbsp;tikai&nbsp;par&nbsp;vienvirziena&nbsp;v\u0113st\u012bjumu.&nbsp;P\u0113c&nbsp;pirmizr\u0101des&nbsp;Daugavpil\u012b&nbsp;neform\u0101l\u0101&nbsp;gaisotn\u0113&nbsp;notika&nbsp;saruna&nbsp;starp&nbsp;skat\u012bt\u0101jiem&nbsp;un&nbsp;izr\u0101des&nbsp;komandu,&nbsp;dodot&nbsp;iesp\u0113ju&nbsp;turpin\u0101t&nbsp;uz&nbsp;skatuves&nbsp;aizs\u0101kto&nbsp;dialogu.&nbsp;<\/p>\n\n\n\n<p class=\"wp-el wp-block-paragraph\">P\u0113c&nbsp;izr\u0101d\u0113m&nbsp;apmekl\u0113t\u0101ji&nbsp;tika&nbsp;aicin\u0101ti&nbsp;aizpild\u012bt&nbsp;ar\u012b&nbsp;atsauksmju&nbsp;anketu.&nbsp;Sa\u0146emtaj\u0101&nbsp;atgriezeniskaj\u0101&nbsp;sait\u0113&nbsp;izr\u0101des&nbsp;vid\u0113jais&nbsp;v\u0113rt\u0113jums&nbsp;sasniedza&nbsp;9,8 no 10,&nbsp;apliecinot&nbsp;\u013coti&nbsp;augstu&nbsp;skat\u012bt\u0101ju&nbsp;nov\u0113rt\u0113jumu.&nbsp;<\/p>\n\n\n\n<p class=\"wp-el wp-block-paragraph\">Iestud\u0113jums&nbsp;guvis&nbsp;ar\u012b&nbsp;pla\u0161\u0101ku&nbsp;atpaz\u012bstam\u012bbu. Tas&nbsp;ir&nbsp;iek\u013cauts&nbsp;kult\u016brizgl\u012bt\u012bbas&nbsp;programmas&nbsp;\u201cLatvijas&nbsp;skolas&nbsp;soma\u201d&nbsp;pied\u0101v\u0101jum\u0101,&nbsp;savuk\u0101rt&nbsp;te\u0101tra&nbsp;izr\u0101\u017eu&nbsp;katalog\u0101&nbsp;Izrades.lv tam&nbsp;nor\u0101d\u012bts&nbsp;skat\u012bt\u0101ju&nbsp;v\u0113rt\u0113jums&nbsp;10,0.&nbsp;\u00a0<\/p>\n\n\n<div class=\"ama-block block-gallery\"><div class=\"block__body\"><div class=\"gallery ama_light_gallery_block\"><figure class=\"gallery-item\"><a href=\"https:\/\/becid.eu\/wp-content\/uploads\/2026\/09\/DSCF0220-1170x780.jpg\"><img loading=\"lazy\" decoding=\"async\" width=\"270\" height=\"210\" src=\"https:\/\/becid.eu\/wp-content\/uploads\/2026\/09\/DSCF0220-270x210.jpg\" class=\"attachment-img-270x210 size-img-270x210\" alt=\"\" \/><\/a><\/figure><figure class=\"gallery-item\"><a href=\"https:\/\/becid.eu\/wp-content\/uploads\/2026\/09\/DSCF0229-1170x780.jpg\"><img loading=\"lazy\" decoding=\"async\" width=\"270\" height=\"210\" src=\"https:\/\/becid.eu\/wp-content\/uploads\/2026\/09\/DSCF0229-270x210.jpg\" class=\"attachment-img-270x210 size-img-270x210\" alt=\"\" \/><\/a><\/figure><\/div><\/div><\/div>\n\n\n<p class=\"wp-el wp-block-paragraph\"><strong>Izr\u0101de, kas\u00a0turpina\u00a0dz\u012bvot\u00a0publiskaj\u0101\u00a0telp\u0101<\/strong>\u00a0<\/p>\n\n\n\n<p class=\"wp-el wp-block-paragraph\">Ap \u201cLatvie\u0161u&nbsp;valodas&nbsp;stund\u0101m\u201d&nbsp;izveidojusies&nbsp;ar\u012b&nbsp;iev\u0113rojama&nbsp;publicit\u0101te.&nbsp;Kopum\u0101&nbsp;apkopotas&nbsp;38&nbsp;publik\u0101cijas&nbsp;Latvijas&nbsp;un&nbsp;Lietuvas&nbsp;informat\u012bvaj\u0101&nbsp;telp\u0101&nbsp;un New&nbsp;East&nbsp;komunik\u0101cijas&nbsp;kan\u0101los&nbsp;&#8211;&nbsp;25&nbsp;soci\u0101lo&nbsp;mediju&nbsp;ieraksti, 11&nbsp;raksti&nbsp;un divi&nbsp;videomateri\u0101li.&nbsp;<\/p>\n\n\n\n<p class=\"wp-el wp-block-paragraph\">Izr\u0101des&nbsp;dokument\u0101cija&nbsp;\u013cauj&nbsp;t\u0101s&nbsp;dz\u012bvei&nbsp;turpin\u0101ties&nbsp;ar\u012b&nbsp;\u0101rpus&nbsp;kl\u0101tienes&nbsp;notikumiem&nbsp;&#8211;&nbsp;ir&nbsp;pieejams&nbsp;izr\u0101des&nbsp;video un audio&nbsp;ieraksts,&nbsp;k\u0101&nbsp;ar\u012b&nbsp;foto&nbsp;un video&nbsp;dokument\u0101cija.&nbsp;<\/p>\n\n\n\n<p class=\"wp-el wp-block-paragraph\">Daudzvalod\u012bba&nbsp;ir&nbsp;ne&nbsp;tikai&nbsp;izr\u0101des&nbsp;t\u0113ma, bet&nbsp;ar\u012b&nbsp;da\u013ca&nbsp;no&nbsp;t\u0101s&nbsp;formas. \u201cLatvie\u0161u&nbsp;valodas&nbsp;stundas\u201d&nbsp;tiek&nbsp;sp\u0113l\u0113tas&nbsp;krievu&nbsp;un&nbsp;latvie\u0161u&nbsp;valod\u0101,&nbsp;tostarp&nbsp;latvie\u0161u&nbsp;valod\u0101&nbsp;ar&nbsp;akcentu, un&nbsp;izr\u0101des&nbsp;noris\u0113&nbsp;izmantoti&nbsp;subtitri&nbsp;latvie\u0161u,&nbsp;krievu&nbsp;un&nbsp;ang\u013cu&nbsp;valod\u0101.&nbsp;<\/p>\n\n\n\n<p class=\"wp-el wp-block-paragraph\">Izr\u0101des&nbsp;ilgums&nbsp;ir&nbsp;90&nbsp;min\u016btes.&nbsp;Skat\u012bt\u0101jiem&nbsp;l\u012bdz&nbsp;16&nbsp;gadu&nbsp;vecumam&nbsp;izr\u0101di&nbsp;skat\u012bties&nbsp;nav&nbsp;ieteicams, jo&nbsp;taj\u0101&nbsp;tiek&nbsp;izmantota&nbsp;rupja&nbsp;leksika.&nbsp;<\/p>\n\n\n<div class=\"ama-block block-gallery\"><div class=\"block__body\"><div class=\"gallery ama_light_gallery_block\"><figure class=\"gallery-item\"><a href=\"https:\/\/becid.eu\/wp-content\/uploads\/2026\/09\/DSCF0297-1170x780.jpg\"><img loading=\"lazy\" decoding=\"async\" width=\"270\" height=\"210\" src=\"https:\/\/becid.eu\/wp-content\/uploads\/2026\/09\/DSCF0297-270x210.jpg\" class=\"attachment-img-270x210 size-img-270x210\" alt=\"\" \/><\/a><\/figure><figure class=\"gallery-item\"><a href=\"https:\/\/becid.eu\/wp-content\/uploads\/2026\/09\/DSCF0554-1170x780.jpg\"><img loading=\"lazy\" decoding=\"async\" width=\"270\" height=\"210\" src=\"https:\/\/becid.eu\/wp-content\/uploads\/2026\/09\/DSCF0554-270x210.jpg\" class=\"attachment-img-270x210 size-img-270x210\" alt=\"\" \/><\/a><\/figure><\/div><\/div><\/div>\n\n\n<p class=\"wp-el wp-block-paragraph\"><strong>Rado\u0161\u0101\u00a0komanda<\/strong>\u00a0<\/p>\n\n\n\n<p class=\"wp-el wp-block-paragraph\">Izr\u0101des&nbsp;idejas&nbsp;autors&nbsp;un&nbsp;galven\u0101s&nbsp;lomas&nbsp;atveidot\u0101js&nbsp;ir&nbsp;Vadims Bogdanovs,&nbsp;re\u017eisors&nbsp;\u2014 Edv\u012bns Klimanovs,&nbsp;lugas&nbsp;autors&nbsp;\u2014 Andrejs&nbsp;Timofejevs.&nbsp;<\/p>\n\n\n\n<p class=\"wp-el wp-block-paragraph\">\u201cLatvie\u0161u\u00a0valodas\u00a0stundas\u201d\u00a0uzdod\u00a0jaut\u0101jumu,\u00a0uz\u00a0kuru nav\u00a0vienas\u00a0\u0113rtas\u00a0atbildes:\u00a0<strong>kas\u00a0cilv\u0113kam\u00a0ir\u00a0nepiecie\u0161ams, lai\u00a0vi\u0146\u0161\u00a0patiesi\u00a0justos\u00a0pieder\u012bgs?<\/strong>\u00a0Valodas\u00a0zin\u0101\u0161anas\u00a0iesp\u0113jams\u00a0p\u0101rbaud\u012bt\u00a0eks\u0101men\u0101.\u00a0Daudz\u00a0gr\u016bt\u0101k\u00a0izm\u0113r\u0101ma\u00a0ir\u00a0saj\u016bta, ka\u00a0esi\u00a0pie\u0146emts\u00a0un ka\u00a0tev\u00a0nav\u00a0nemit\u012bgi\u00a0j\u0101pier\u0101da\u00a0savas\u00a0ties\u012bbas\u00a0b\u016bt\u00a0da\u013cai\u00a0no\u00a0vietas,\u00a0kur\u0101\u00a0dz\u012bvo.\u00a0<\/p>\n\n\n\n<p class=\"wp-el wp-block-paragraph\">Tie\u0161i&nbsp;t\u0101d\u0113\u013c&nbsp;izr\u0101des&nbsp;st\u0101sts&nbsp;nebeidzas&nbsp;l\u012bdz&nbsp;ar&nbsp;eks\u0101menu&nbsp;vai&nbsp;skatuves&nbsp;gaismu&nbsp;izdzi\u0161anu. Tas&nbsp;turpin\u0101s&nbsp;skat\u012bt\u0101ju&nbsp;sarun\u0101s&nbsp;un&nbsp;jaut\u0101jumos&nbsp;par&nbsp;valodu,&nbsp;identit\u0101ti,&nbsp;v\u0113sturisko&nbsp;pieredzi&nbsp;un&nbsp;sabiedr\u012bbu,&nbsp;kur\u0101&nbsp;v\u0113lamies&nbsp;dz\u012bvot.&nbsp;<\/p>\n\n\n\n<p class=\"wp-el wp-block-paragraph\"><strong>Izr\u0101des\u00a0ieraksts<\/strong>: <a href=\"https:\/\/youtu.be\/LW1vp8S24KU\" target=\"_blank\" rel=\"noopener\">Watch \u201cLatvian Language Lessons\u201d<\/a>\u00a0<\/p>\n","protected":false},"excerpt":{"rendered":"<p>2026.gada&nbsp;vasar\u0101&nbsp;pie&nbsp;skat\u012bt\u0101jiem&nbsp;Latvij\u0101&nbsp;un&nbsp;Lietuv\u0101&nbsp;non\u0101ca&nbsp;izr\u0101de&nbsp;\u201cLatvie\u0161u&nbsp;valodas&nbsp;stundas\u201d&nbsp;&#8211;&nbsp;asu,&nbsp;ironisku&nbsp;un&nbsp;vienlaikus&nbsp;cilv\u0113c\u012bgu&nbsp;st\u0101stu&nbsp;par&nbsp;valodu,&nbsp;pieder\u012bbu&nbsp;un&nbsp;saj\u016btu, ka&nbsp;ties\u012bbas&nbsp;b\u016bt&nbsp;da\u013cai&nbsp;no&nbsp;sabiedr\u012bbas&nbsp;atkal&nbsp;un&nbsp;atkal&nbsp;ir&nbsp;j\u0101pier\u0101da.&nbsp; Izr\u0101des&nbsp;centr\u0101&nbsp;ir&nbsp;Ko\u013ca&nbsp;&#8211;&nbsp;Latvij\u0101&nbsp;dzimis&nbsp;un&nbsp;dz\u012bvojo\u0161s&nbsp;cilv\u0113ks,&nbsp;kur\u0161&nbsp;gatavojas&nbsp;valsts&nbsp;valodas&nbsp;eks\u0101menam.&nbsp;Ta\u010du&nbsp;form\u0101lais&nbsp;p\u0101rbaud\u012bjums&nbsp;dr\u012bz&nbsp;p\u0101rv\u0113r\u0161as&nbsp;daudz&nbsp;sare\u017e\u0123\u012bt\u0101k\u0101&nbsp;iek\u0161\u0113j\u0101&nbsp;eks\u0101men\u0101. Ko\u013cam&nbsp;n\u0101kas&nbsp;sastapties&nbsp;ar&nbsp;v\u0113lmi&nbsp;pieder\u0113t,&nbsp;bail\u0113m&nbsp;neatbilst&nbsp;pras\u012bb\u0101m&nbsp;un&nbsp;jaut\u0101jumu&nbsp;par&nbsp;savu&nbsp;vietu&nbsp;valst\u012b, kuru&nbsp;vi\u0146\u0161&nbsp;sauc&nbsp;par&nbsp;m\u0101j\u0101m.&nbsp; \u201cLatvie\u0161u&nbsp;valodas&nbsp;stundas\u201d nav&nbsp;izr\u0101de&nbsp;par&nbsp;valodu&nbsp;vien. Tas&nbsp;ir&nbsp;st\u0101sts&nbsp;par&nbsp;eks\u0101menu&nbsp;un&nbsp;pieder\u012bbu.&nbsp; No Daugavpils\u00a0l\u012bdz\u00a0Visaginai\u00a0 Izr\u0101des&nbsp;ce\u013c\u0161&nbsp;s\u0101k\u0101s&nbsp;Daugavpil\u012b,&nbsp;kult\u016bras&nbsp;instit\u016bta&nbsp;New East&nbsp;telp\u0101s,&nbsp;kur&nbsp;8.&nbsp;j\u016blij\u0101&nbsp;notika&nbsp;\u0123ener\u0101lm\u0113\u0123in\u0101jums&nbsp;ar&nbsp;skat\u012bt\u0101jiem, bet 9.&nbsp;j\u016blij\u0101&nbsp;pirmizr\u0101de. Jau&nbsp;n\u0101kamaj\u0101&nbsp;dien\u0101, 10.&nbsp;j\u016blij\u0101, \u201cLatvie\u0161u&nbsp;valodas&nbsp;stundas\u201d tika&nbsp;izr\u0101d\u012btas&nbsp;C\u0113s\u012bs&nbsp;sarunu&nbsp;festiv\u0101l\u0101&nbsp;LAMPA.&nbsp;Savuk\u0101rt&nbsp;13.&nbsp;august\u0101&nbsp;iestud\u0113jums&nbsp;\u0161\u0137\u0113rsoja&nbsp;Latvijas&nbsp;robe\u017eu&nbsp;un&nbsp;viesoj\u0101s&nbsp;Visaginas&nbsp;kult\u016bras&nbsp;centr\u0101&nbsp;\u201cDraugyst\u0117\u201d&nbsp;Lietuv\u0101.&nbsp; Kopum\u0101&nbsp;izr\u0101di&nbsp;kl\u0101tien\u0113&nbsp;noskat\u012bj\u0101s&nbsp;aptuveni&nbsp;325&nbsp;skat\u012bt\u0101ji: 80&nbsp;Daugavpil\u012b,&#8230;<\/p>\n","protected":false},"author":1,"featured_media":3125,"comment_status":"closed","ping_status":"closed","sticky":false,"template":"","format":"standard","meta":{"_acf_changed":false,"_price":"","_stock":"","_tribe_ticket_header":"","_tribe_default_ticket_provider":"","_tribe_ticket_capacity":"0","_ticket_start_date":"","_ticket_end_date":"","_tribe_ticket_show_description":"","_tribe_ticket_show_not_going":false,"_tribe_ticket_use_global_stock":"","_tribe_ticket_global_stock_level":"","_global_stock_mode":"","_global_stock_cap":"","_tribe_rsvp_for_event":"","_tribe_ticket_going_count":"","_tribe_ticket_not_going_count":"","_tribe_tickets_list":"[]","_tribe_ticket_has_attendee_info_fields":false,"footnotes":""},"categories":[13],"tags":[],"class_list":["post-3124","post","type-post","status-publish","format-standard","has-post-thumbnail","hentry","category-uncategorized-lv"],"acf":[],"_links":{"self":[{"href":"https:\/\/becid.eu\/lv\/wp-json\/wp\/v2\/posts\/3124","targetHints":{"allow":["GET"]}}],"collection":[{"href":"https:\/\/becid.eu\/lv\/wp-json\/wp\/v2\/posts"}],"about":[{"href":"https:\/\/becid.eu\/lv\/wp-json\/wp\/v2\/types\/post"}],"author":[{"embeddable":true,"href":"https:\/\/becid.eu\/lv\/wp-json\/wp\/v2\/users\/1"}],"replies":[{"embeddable":true,"href":"https:\/\/becid.eu\/lv\/wp-json\/wp\/v2\/comments?post=3124"}],"version-history":[{"count":1,"href":"https:\/\/becid.eu\/lv\/wp-json\/wp\/v2\/posts\/3124\/revisions"}],"predecessor-version":[{"id":3141,"href":"https:\/\/becid.eu\/lv\/wp-json\/wp\/v2\/posts\/3124\/revisions\/3141"}],"wp:featuredmedia":[{"embeddable":true,"href":"https:\/\/becid.eu\/lv\/wp-json\/wp\/v2\/media\/3125"}],"wp:attachment":[{"href":"https:\/\/becid.eu\/lv\/wp-json\/wp\/v2\/media?parent=3124"}],"wp:term":[{"taxonomy":"category","embeddable":true,"href":"https:\/\/becid.eu\/lv\/wp-json\/wp\/v2\/categories?post=3124"},{"taxonomy":"post_tag","embeddable":true,"href":"https:\/\/becid.eu\/lv\/wp-json\/wp\/v2\/tags?post=3124"}],"curies":[{"name":"wp","href":"https:\/\/api.w.org\/{rel}","templated":true}]}}