{"id":3117,"date":"2026-09-01T10:55:30","date_gmt":"2026-09-01T10:55:30","guid":{"rendered":"https:\/\/becid.eu\/uncategorized-et\/latvian-language-lessons-a-performance-about-an-exam-belonging-and-ones-place-in-society\/"},"modified":"2026-09-01T11:00:25","modified_gmt":"2026-09-01T11:00:25","slug":"latvian-language-lessons-a-performance-about-an-exam-belonging-and-ones-place-in-society","status":"publish","type":"post","link":"https:\/\/becid.eu\/et\/uncategorized-et\/latvian-language-lessons-a-performance-about-an-exam-belonging-and-ones-place-in-society\/","title":{"rendered":"\u201eL\u00e4ti keele tunnid\u201c \u2013 lavastus eksamist, kuuluvusest ja oma kohast \u00fchiskonnas"},"content":{"rendered":"\n<p class=\"wp-el wp-block-paragraph\">2026. aasta suvel j\u00f5udis L\u00e4ti ja Leedu publiku ette \u201eL\u00e4ti keele tunnid\u201c (<em>Latvie\u0161u valodas stundas<\/em>) \u2013 terav, irooniline, kuid samas s\u00fcgavalt inimlik lugu keelest, kuuluvusest ja tundest, et oma \u00f5igust \u00fchiskonda kuuluda tuleb ikka ja j\u00e4lle t\u00f5estada.<\/p>\n\n\n\n<p class=\"wp-el wp-block-paragraph\">Lavastuse keskmes on Kolja, L\u00e4tis s\u00fcndinud ja kogu elu seal elanud mees, kes valmistub riigikeele tasemeeksamiks. Peagi muutub ametlik eksam aga palju keerulisemaks sisemiseks proovikiviks. Kolja peab silmitsi seisma oma sooviga kuhugi kuuluda, hirmuga ootustele mitte vastata ning k\u00fcsimustega oma koha kohta riigis, mida ta peab koduks.<\/p>\n\n\n\n<p class=\"wp-el wp-block-paragraph\">\u201eL\u00e4ti keele tunnid\u201c ei ole lihtsalt lavastus keelest. See on lugu eksamist ja kuuluvusest.<\/p>\n\n\n\n<p class=\"wp-el wp-block-paragraph\"><strong>Daugavpilsist Visaginasesse<\/strong><\/p>\n\n\n\n<p class=\"wp-el wp-block-paragraph\">Lavastuse teekond sai alguse Daugavpilsis New Easti Kultuuriinstituudi ruumides, kus 8. juulil toimus publikuga peaproov ning 9. juulil esietendus. Juba j\u00e4rgmisel p\u00e4eval, 10. juulil, etendati \u201eL\u00e4ti keele tunde\u201c C\u0113sises vestlusfestivalil LAMPA. 13. augustil \u00fcletas lavastus L\u00e4ti piiri ja j\u00f5udis Leetu, kus seda m\u00e4ngiti Visaginase Draugyst\u0117 kultuurikeskuses.<\/p>\n\n\n\n<p class=\"wp-el wp-block-paragraph\">Kokku k\u00fclastas etendusi kohapeal ligikaudu 325 inimest: 80 Daugavpilsis, 200 C\u0113sises ja 45 Visaginases.<\/p>\n\n\n\n<p class=\"wp-el wp-block-paragraph\">Osalemine festivalil LAMPA oli eriti m\u00e4rgilise t\u00e4hendusega. Lavastuse teemad sobitusid loomulikult festivali arutelukeskkonda, juhtides t\u00e4helepanu k\u00fcsimustele, mis L\u00e4ti \u00fchiskonnas sageli k\u00f5rvuti eksisteerivad, kuid ei j\u00f5ua alati avatud dialoogi: identiteet ja keel, l\u00f5imumine ja \u00fcksildus, rahvusv\u00e4hemuste kogemused, demokraatlik kerksus, propaganda m\u00f5ju ning inimese v\u00f5ime muutuda.<\/p>\n\n\n\n<figure class=\"wp-block-image size-large wp-el\"><img loading=\"lazy\" decoding=\"async\" width=\"1170\" height=\"780\" src=\"https:\/\/becid.eu\/wp-content\/uploads\/2026\/09\/DSCF0120-1170x780.jpg\" alt=\"\" class=\"wp-image-3111\" srcset=\"https:\/\/becid.eu\/wp-content\/uploads\/2026\/09\/DSCF0120-1170x780.jpg 1170w, https:\/\/becid.eu\/wp-content\/uploads\/2026\/09\/DSCF0120-570x380.jpg 570w, https:\/\/becid.eu\/wp-content\/uploads\/2026\/09\/DSCF0120-768x512.jpg 768w, https:\/\/becid.eu\/wp-content\/uploads\/2026\/09\/DSCF0120-1536x1024.jpg 1536w, https:\/\/becid.eu\/wp-content\/uploads\/2026\/09\/DSCF0120-2048x1365.jpg 2048w\" sizes=\"auto, (max-width: 1170px) 100vw, 1170px\" \/><\/figure>\n\n\n\n<p class=\"wp-el wp-block-paragraph\"><strong>Kui keelest saab piir<\/strong><\/p>\n\n\n\n<p class=\"wp-el wp-block-paragraph\">Lavastus v\u00e4ldib teadlikult lihtsustatud k\u00e4sitlust rahvustevahelisest konfliktist v\u00f5i l\u00f5hestunud \u00fchiskonnast. Selle asemel keskendutakse inimese ps\u00fchholoogilisele kogemusele ja dekoloniseerimisega kaasnevatele k\u00fcsimustele \u2013 enesev\u00e4\u00e4rikusele, kuuluvusele ning elule olukorras, kus inimene tunneb, et teda pidevalt hinnatakse.<\/p>\n\n\n\n<p class=\"wp-el wp-block-paragraph\">Keel ei ole lavastuses pelgalt kultuuriline s\u00fcmbol v\u00f5i identiteedi \u00fcle uhkuse tundmise allikas. Sellest saab ka institutsionaalne filter \u2013 piir \u201elubatu\u201c ja \u201emittelubatu\u201c, kuuluvustunde ja vajaduse vahel oma kuuluvust ametlikult t\u00f5estada.<\/p>\n\n\n\n<p class=\"wp-el wp-block-paragraph\">Olulist rolli m\u00e4ngib Kolja siseh\u00e4\u00e4l \u2013 irooniline, agressiivne, humoorikas ja kohati hirmutav. See provotseerib ja aitab teda, alandab teda ning toob pinnale vanad solvumised. Siseh\u00e4\u00e4l muutub metafooriks sellele, kuidas \u00fche inimese sees v\u00f5ivad korraga eksisteerida isiklikud kogemused, \u00fcmbritseva keskkonna m\u00f5jud, propaganda, stereot\u00fc\u00fcbid ja lahendamata \u00fchiskondlikud konfliktid.<\/p>\n\n\n\n<p class=\"wp-el wp-block-paragraph\">Just see pinge v\u00f5imaldab lavastusel k\u00e4sitleda keerulisi k\u00fcsimusi mitte abstraktsete poliitiliste kategooriate, vaid \u00fche inimese l\u00e4bielatud kogemuse kaudu.<\/p>\n\n\n\n<p class=\"wp-el wp-block-paragraph\"><strong>Vestlus j\u00e4tkub p\u00e4rast etendust<\/strong><\/p>\n\n\n\n<p class=\"wp-el wp-block-paragraph\">\u201eL\u00e4ti keele tundide\u201c loojatele oli oluline, et lavastus ei j\u00e4\u00e4ks \u00fchepoolseks s\u00f5numiks. P\u00e4rast Daugavpilsi esietendust toimus publiku ja loomingulise meeskonna vahel vabas vormis vestlus, mis andis v\u00f5imaluse j\u00e4tkata laval alanud dialoogi.<\/p>\n\n\n\n<p class=\"wp-el wp-block-paragraph\">P\u00e4rast etendusi paluti publikul t\u00e4ita ka tagasisidek\u00fcsitlus. Vastuste p\u00f5hjal sai lavastus keskmiseks hindeks 9,8 punkti 10-st, mis n\u00e4itab publiku erakordselt positiivset vastuv\u00f5ttu.<\/p>\n\n\n\n<p class=\"wp-el wp-block-paragraph\">Lavastus on p\u00e4lvinud ka laiemat tunnustust. See on lisatud L\u00e4ti kultuuriharidusprogrammi \u201eLatvijas skolas soma\u201c (\u201eL\u00e4ti koolikott\u201c) ning teatrilavastuste kataloogis Izrades.lv on publiku antud hindeks 10,0.<\/p>\n\n\n<div class=\"ama-block block-gallery\"><div class=\"block__body\"><div class=\"gallery ama_light_gallery_block\"><figure class=\"gallery-item\"><a href=\"https:\/\/becid.eu\/wp-content\/uploads\/2026\/09\/DSCF0220-1170x780.jpg\"><img loading=\"lazy\" decoding=\"async\" width=\"270\" height=\"210\" src=\"https:\/\/becid.eu\/wp-content\/uploads\/2026\/09\/DSCF0220-270x210.jpg\" class=\"attachment-img-270x210 size-img-270x210\" alt=\"\" \/><\/a><\/figure><figure class=\"gallery-item\"><a href=\"https:\/\/becid.eu\/wp-content\/uploads\/2026\/09\/DSCF0229-1170x780.jpg\"><img loading=\"lazy\" decoding=\"async\" width=\"270\" height=\"210\" src=\"https:\/\/becid.eu\/wp-content\/uploads\/2026\/09\/DSCF0229-270x210.jpg\" class=\"attachment-img-270x210 size-img-270x210\" alt=\"\" \/><\/a><\/figure><\/div><\/div><\/div>\n\n\n<p class=\"wp-el wp-block-paragraph\"><strong>Lavastus, mis elab avalikus ruumis edasi<\/strong><\/p>\n\n\n\n<p class=\"wp-el wp-block-paragraph\">\u201eL\u00e4ti keele tunnid\u201c on p\u00e4lvinud m\u00e4rkimisv\u00e4\u00e4rset meediat\u00e4helepanu. L\u00e4ti ja Leedu meedias ning New Easti kommunikatsioonikanalites on kokku ilmunud 38 kajastust, sealhulgas 25 sotsiaalmeediapostitust, 11 artiklit ja kaks videolugu.<\/p>\n\n\n\n<p class=\"wp-el wp-block-paragraph\">Lavastuse j\u00e4\u00e4dvustused v\u00f5imaldavad sellel j\u00f5uda publikuni ka v\u00e4ljaspool etendusi. Olemas on etenduse t\u00e4ispikk video- ja helisalvestis ning foto- ja videomaterjalid.<\/p>\n\n\n\n<p class=\"wp-el wp-block-paragraph\">Mitmekeelsus ei ole \u00fcksnes lavastuse teema, vaid ka selle vormi lahutamatu osa. \u201eL\u00e4ti keele tunde\u201c m\u00e4ngitakse vene ja l\u00e4ti keeles, sealhulgas aktsendiga k\u00f5neldavas l\u00e4ti keeles, ning etendusel on l\u00e4ti-, vene- ja ingliskeelsed subtiitrid.<\/p>\n\n\n\n<p class=\"wp-el wp-block-paragraph\">Etendus kestab 90 minutit. Tugeva keelekasutuse t\u00f5ttu ei ole see soovitatav alla 16-aastastele vaatajatele.<\/p>\n\n\n<div class=\"ama-block block-gallery\"><div class=\"block__body\"><div class=\"gallery ama_light_gallery_block\"><figure class=\"gallery-item\"><a href=\"https:\/\/becid.eu\/wp-content\/uploads\/2026\/09\/DSCF0297-1170x780.jpg\"><img loading=\"lazy\" decoding=\"async\" width=\"270\" height=\"210\" src=\"https:\/\/becid.eu\/wp-content\/uploads\/2026\/09\/DSCF0297-270x210.jpg\" class=\"attachment-img-270x210 size-img-270x210\" alt=\"\" \/><\/a><\/figure><figure class=\"gallery-item\"><a href=\"https:\/\/becid.eu\/wp-content\/uploads\/2026\/09\/DSCF0554-1170x780.jpg\"><img loading=\"lazy\" decoding=\"async\" width=\"270\" height=\"210\" src=\"https:\/\/becid.eu\/wp-content\/uploads\/2026\/09\/DSCF0554-270x210.jpg\" class=\"attachment-img-270x210 size-img-270x210\" alt=\"\" \/><\/a><\/figure><\/div><\/div><\/div>\n\n\n<p class=\"wp-el wp-block-paragraph\"><strong>Loominguline meeskond<\/strong><\/p>\n\n\n\n<p class=\"wp-el wp-block-paragraph\">Lavastuse idee autor on <strong>Vadims Bogdanovs<\/strong>, kes m\u00e4ngib ka peaosa. Lavastaja on <strong>Edv\u012bns Klimanovs<\/strong> ning n\u00e4idendi autor <strong>Andrejs Timofejevs<\/strong>.<\/p>\n\n\n\n<p class=\"wp-el wp-block-paragraph\">\u201eL\u00e4ti keele tunnid\u201c esitavad k\u00fcsimuse, millele ei ole \u00fcht ega lihtsat vastust: mida vajab inimene selleks, et tunda end t\u00f5eliselt kuhugi kuuluvana? Keeleoskust saab eksamil kontrollida. Palju keerulisem on m\u00f5\u00f5ta tunnet, et sind aktsepteeritakse \u2013 et sa ei pea pidevalt t\u00f5estama oma \u00f5igust kuuluda paika, kus sa elad.<\/p>\n\n\n\n<p class=\"wp-el wp-block-paragraph\">Seet\u00f5ttu ei l\u00f5pe \u201eL\u00e4ti keele tundide\u201c lugu eksami l\u00f5ppemise ega lavatulede kustumisega. See j\u00e4tkub publiku omavahelistes vestlustes ning k\u00fcsimustes keele, identiteedi, ajaloolise kogemuse ja selle kohta, millises \u00fchiskonnas me soovime elada.<\/p>\n\n\n\n<p class=\"wp-el wp-block-paragraph\">Etenduse t\u00e4ispikk salvestus: <a href=\"https:\/\/youtu.be\/LW1vp8S24KU\" target=\"_blank\" rel=\"noopener\">Watch \u201cLatvian Language Lessons\u201d<\/a>\u00a0<\/p>\n","protected":false},"excerpt":{"rendered":"<p>2026. aasta suvel j\u00f5udis L\u00e4ti ja Leedu publiku ette \u201eL\u00e4ti keele tunnid\u201c (Latvie\u0161u valodas stundas) \u2013 terav, irooniline, kuid samas&#8230;<\/p>\n","protected":false},"author":1,"featured_media":3118,"comment_status":"closed","ping_status":"closed","sticky":false,"template":"","format":"standard","meta":{"_acf_changed":false,"_price":"","_stock":"","_tribe_ticket_header":"","_tribe_default_ticket_provider":"","_tribe_ticket_capacity":"0","_ticket_start_date":"","_ticket_end_date":"","_tribe_ticket_show_description":"","_tribe_ticket_show_not_going":false,"_tribe_ticket_use_global_stock":"","_tribe_ticket_global_stock_level":"","_global_stock_mode":"","_global_stock_cap":"","_tribe_rsvp_for_event":"","_tribe_ticket_going_count":"","_tribe_ticket_not_going_count":"","_tribe_tickets_list":"[]","_tribe_ticket_has_attendee_info_fields":false,"footnotes":""},"categories":[2],"tags":[],"class_list":["post-3117","post","type-post","status-publish","format-standard","has-post-thumbnail","hentry","category-uncategorized-et"],"acf":[],"_links":{"self":[{"href":"https:\/\/becid.eu\/et\/wp-json\/wp\/v2\/posts\/3117","targetHints":{"allow":["GET"]}}],"collection":[{"href":"https:\/\/becid.eu\/et\/wp-json\/wp\/v2\/posts"}],"about":[{"href":"https:\/\/becid.eu\/et\/wp-json\/wp\/v2\/types\/post"}],"author":[{"embeddable":true,"href":"https:\/\/becid.eu\/et\/wp-json\/wp\/v2\/users\/1"}],"replies":[{"embeddable":true,"href":"https:\/\/becid.eu\/et\/wp-json\/wp\/v2\/comments?post=3117"}],"version-history":[{"count":1,"href":"https:\/\/becid.eu\/et\/wp-json\/wp\/v2\/posts\/3117\/revisions"}],"predecessor-version":[{"id":3139,"href":"https:\/\/becid.eu\/et\/wp-json\/wp\/v2\/posts\/3117\/revisions\/3139"}],"wp:featuredmedia":[{"embeddable":true,"href":"https:\/\/becid.eu\/et\/wp-json\/wp\/v2\/media\/3118"}],"wp:attachment":[{"href":"https:\/\/becid.eu\/et\/wp-json\/wp\/v2\/media?parent=3117"}],"wp:term":[{"taxonomy":"category","embeddable":true,"href":"https:\/\/becid.eu\/et\/wp-json\/wp\/v2\/categories?post=3117"},{"taxonomy":"post_tag","embeddable":true,"href":"https:\/\/becid.eu\/et\/wp-json\/wp\/v2\/tags?post=3117"}],"curies":[{"name":"wp","href":"https:\/\/api.w.org\/{rel}","templated":true}]}}